{"id":2789,"global_id":"couven-museum.de\/en\/?id=2789","global_id_lineage":["couven-museum.de\/en\/?id=2789"],"author":"1","status":"publish","date":"2013-09-10 16:28:09","date_utc":"2013-09-10 14:28:09","modified":"2013-12-23 18:36:08","modified_utc":"2013-12-23 17:36:08","url":"https:\/\/couven-museum.de\/en\/event\/la-cuisine-du-poete-3\/","rest_url":"https:\/\/couven-museum.de\/en\/wp-json\/tribe\/events\/v1\/events\/2789","title":"La Cuisine du Po\u00e8te","description":"<p>Zwischen den G\u00e4ngen eines exquisiten Vier-G\u00e4nge-Men\u00fcs wird eine duetsch-franz\u00f6sische LEsung aus einer Asuwahl von Werken des ber\u00fchmten &#8220;schreibenden Paares&#8221; Simone de Beuavoir und Jean-Pual Sartre erfolgen.<\/p>\n<p><strong>Ort:<\/strong> Festsaal des Couven-Museums<\/p>\n<p><strong>Preis:<\/strong> 97 Euro inklusive 4-G\u00e4nge-Men\u00fc und Getr\u00e4nke sowie Programm<\/p>\n<p><strong>Reservierung:<\/strong> 0241\/432-4920\/-4921; E-Mail: <a href=\"http:\/\/irit.tirtey@mail.aachen.de\">irit.tirtey@mail.aachen.de<\/a><\/p>\n<p><strong>Veranstalter:<\/strong> Kulturbetrieb der Stadt Aachen in Zusammenarbeit mit dem Deutsch-Franz\u00f6sischen Kulturinstitut Aachen<\/p>\n<p>&nbsp;<\/p>\n<p>&nbsp;<\/p>\n<p>&nbsp;<\/p>\n<p>&nbsp;<\/p>","excerpt":"<p>Zu Gast in den Bistros der Existenzalisten<br \/>\nMen\u00fc &#038; Lesung<\/p>","slug":"la-cuisine-du-poete-3","image":false,"all_day":false,"start_date":"2013-10-30 19:00:00","start_date_details":{"year":"2013","month":"10","day":"30","hour":"19","minutes":"00","seconds":"00"},"end_date":"2013-10-30 23:00:00","end_date_details":{"year":"2013","month":"10","day":"30","hour":"23","minutes":"00","seconds":"00"},"utc_start_date":null,"utc_start_date_details":{"year":"1970","month":"01","day":"01","hour":"00","minutes":"00","seconds":"00"},"utc_end_date":null,"utc_end_date_details":{"year":"1970","month":"01","day":"01","hour":"00","minutes":"00","seconds":"00"},"timezone":"","timezone_abbr":"","cost":"","cost_details":{"currency_symbol":"","currency_code":"","currency_position":"","values":[]},"website":"https:\/\/couven-museum.de\/en\/event\/la-cuisine-du-poete-3\/","show_map":false,"show_map_link":false,"hide_from_listings":false,"sticky":false,"featured":false,"categories":[{"name":"Veranstaltung EN","slug":"veranstaltungen-en","term_group":0,"term_taxonomy_id":14,"taxonomy":"tribe_events_cat","description":"","parent":0,"count":20,"filter":"raw","id":14,"urls":{"self":"https:\/\/couven-museum.de\/en\/wp-json\/tribe\/events\/v1\/categories\/14","collection":"https:\/\/couven-museum.de\/en\/wp-json\/tribe\/events\/v1\/categories"}}],"tags":[],"venue":[],"organizer":[],"custom_fields":[],"json_ld":{"@context":"http:\/\/schema.org","@type":"Event","name":"La Cuisine du Po\u00e8te","description":"&lt;p&gt;Zu Gast in den Bistros der Existenzalisten&lt;br \/&gt;\\nMen\u00fc &amp; Lesung&lt;\/p&gt;\\n","url":"https:\/\/couven-museum.de\/en\/event\/la-cuisine-du-poete-3\/","eventAttendanceMode":"https:\/\/schema.org\/OfflineEventAttendanceMode","eventStatus":"https:\/\/schema.org\/EventScheduled","startDate":"2013-10-30T19:00:00+01:00","endDate":"2013-10-30T23:00:00+01:00","performer":"Organization"},"is_virtual":false,"virtual_url":null,"virtual_video_source":""}